{"id":3030,"date":"2025-12-10T11:51:32","date_gmt":"2025-12-10T10:51:32","guid":{"rendered":"https:\/\/consdortmund.esteri.it\/?p=3030"},"modified":"2025-12-10T11:51:32","modified_gmt":"2025-12-10T10:51:32","slug":"visita-della-console-alluniversita-di-paderborn","status":"publish","type":"post","link":"https:\/\/consdortmund.esteri.it\/it\/news\/dal_consolato\/2025\/12\/visita-della-console-alluniversita-di-paderborn\/","title":{"rendered":"Visita della Console all\u2019Universit\u00e0 di Paderborn"},"content":{"rendered":"<p>La Console Cox ha visitato l&#8217;Universit\u00e0 di Paderborn ed \u00e8 stata accolta dal Prof. Dr. Matthias Bauer, rettore dell&#8217;Universit\u00e0 di Paderborn.<\/p>\n<p>L&#8217;incontro si \u00e8 concentrato sulle collaborazioni dell&#8217;Universit\u00e0 di Paderborn con l&#8217;Italia, in particolare nell&#8217;ambito dei programmi Erasmus e dell&#8217;alleanza universitaria europea COLOURS.<\/p>\n<p>\u00c8 stata inoltre illustrata la collaborazione con l&#8217;Istituto di Storia dell&#8217;Arte di Firenze. A partire dal semestre invernale 2024\/25, la Facolt\u00e0 di Economia dell&#8217;Universit\u00e0 di Paderborn e l&#8217;Universit\u00e0 di Ferrara in Italia offriranno due programmi di doppio master.<\/p>\n<p>In questo contesto, i rappresentanti dell&#8217;Ufficio Internazionale e i ricercatori della Facolt\u00e0 di Studi Umanistici e della Facolt\u00e0 di Economia hanno tenuto delle presentazioni.<\/p>\n<p>Il Prof. Dr. J\u00f6rn Steigerwald del Dipartimento di Letteratura Comparata ha coordinato la visita.<\/p>\n","protected":false},"excerpt":{"rendered":"La Console Cox ha visitato l&#8217;Universit\u00e0 di Paderborn ed \u00e8 stata accolta dal Prof. Dr. Matthias Bauer, rettore dell&#8217;Universit\u00e0 di Paderborn. L&#8217;incontro si \u00e8 concentrato sulle collaborazioni dell&#8217;Universit\u00e0 di Paderborn con l&#8217;Italia, in particolare nell&#8217;ambito dei programmi Erasmus e dell&#8217;alleanza universitaria europea COLOURS. \u00c8 stata inoltre illustrata la collaborazione con l&#8217;Istituto di Storia dell&#8217;Arte di [&hellip;]","protected":false},"author":11,"featured_media":3032,"comment_status":"closed","ping_status":"closed","sticky":false,"template":"","format":"standard","meta":{"footnotes":""},"tags":[],"class_list":["post-3030","post","type-post","status-publish","format-standard","has-post-thumbnail","hentry"],"_links":{"self":[{"href":"https:\/\/consdortmund.esteri.it\/it\/wp-json\/wp\/v2\/posts\/3030","targetHints":{"allow":["GET"]}}],"collection":[{"href":"https:\/\/consdortmund.esteri.it\/it\/wp-json\/wp\/v2\/posts"}],"about":[{"href":"https:\/\/consdortmund.esteri.it\/it\/wp-json\/wp\/v2\/types\/post"}],"author":[{"embeddable":true,"href":"https:\/\/consdortmund.esteri.it\/it\/wp-json\/wp\/v2\/users\/11"}],"replies":[{"embeddable":true,"href":"https:\/\/consdortmund.esteri.it\/it\/wp-json\/wp\/v2\/comments?post=3030"}],"version-history":[{"count":1,"href":"https:\/\/consdortmund.esteri.it\/it\/wp-json\/wp\/v2\/posts\/3030\/revisions"}],"predecessor-version":[{"id":3033,"href":"https:\/\/consdortmund.esteri.it\/it\/wp-json\/wp\/v2\/posts\/3030\/revisions\/3033"}],"wp:featuredmedia":[{"embeddable":true,"href":"https:\/\/consdortmund.esteri.it\/it\/wp-json\/wp\/v2\/media\/3032"}],"wp:attachment":[{"href":"https:\/\/consdortmund.esteri.it\/it\/wp-json\/wp\/v2\/media?parent=3030"}],"wp:term":[{"taxonomy":"post_tag","embeddable":true,"href":"https:\/\/consdortmund.esteri.it\/it\/wp-json\/wp\/v2\/tags?post=3030"}],"curies":[{"name":"wp","href":"https:\/\/api.w.org\/{rel}","templated":true}]}}