{"id":3011,"date":"2025-12-01T16:18:39","date_gmt":"2025-12-01T15:18:39","guid":{"rendered":"https:\/\/consdortmund.esteri.it\/?p=3011"},"modified":"2025-12-01T16:18:39","modified_gmt":"2025-12-01T15:18:39","slug":"x-settimana-della-cucina-italiana-nel-mondo","status":"publish","type":"post","link":"https:\/\/consdortmund.esteri.it\/it\/news\/dal_consolato\/2025\/12\/x-settimana-della-cucina-italiana-nel-mondo\/","title":{"rendered":"X. Settimana della cucina italiana nel mondo"},"content":{"rendered":"<p>Il Consolato d&#8217;Italia a Dortmund ha celebrato il 26 novembre l&#8217;eccellenza e la tradizione italiana nell&#8217;ambito della &#8220;Settimana della Cucina Italiana nel Mondo&#8221; con un proprio evento.<\/p>\n<p>&nbsp;<\/p>\n<p>L&#8217;edizione di quest&#8217;anno ha posto l&#8217;accento sul tema &#8220;La cucina italiana tra salute, cultura e innovazione&#8221;.<\/p>\n<p>&nbsp;<\/p>\n<p>L&#8217;impegno della rete diplomatica e consolare si concentra sulla promozione e la salvaguardia della cucina italiana a livello globale, valorizzando i prodotti di alta qualit\u00e0, sostenendo le filiere e favorendo l&#8217;innovazione culinaria. Tale sforzo \u00e8 altres\u00ec volto a sostenere la candidatura della cucina italiana a patrimonio immateriale dell&#8217;UNESCO.<\/p>\n<p>&nbsp;<\/p>\n<p>Il Consolato esprime un sentito ringraziamento ai tenori Ricardo Marinello e Johannes Gro\u00df per aver contribuito a rendere la serata ancora pi\u00f9 speciale con la loro musica.<\/p>\n<p>&nbsp;<\/p>\n<p>L&#8217;evento \u00e8 stato reso possibile grazie al prezioso supporto dei nostri partner:<\/p>\n<p>&nbsp;<\/p>\n<p>Sponsor: La Tordera (Veneto), Tenute Fantinel (Friuli Venezia Giulia), Tenute Famiglia Cecchi (Toscana) e Terra Mia.<\/p>\n<p>&nbsp;<\/p>\n<p>Materie prime: Robert Nuzzarello.<\/p>\n<p>&nbsp;<\/p>\n<p>Per la gastronomia: Tonis Gusto Italiano.<\/p>\n<p>&nbsp;<\/p>\n<p>Sommelier: Sofia Dar\u00e9 Biancolin e Laura Baroni &#8211; Worldwide Sommelier Association.<\/p>\n","protected":false},"excerpt":{"rendered":"Il Consolato d&#8217;Italia a Dortmund ha celebrato il 26 novembre l&#8217;eccellenza e la tradizione italiana nell&#8217;ambito della &#8220;Settimana della Cucina Italiana nel Mondo&#8221; con un proprio evento. &nbsp; L&#8217;edizione di quest&#8217;anno ha posto l&#8217;accento sul tema &#8220;La cucina italiana tra salute, cultura e innovazione&#8221;. &nbsp; L&#8217;impegno della rete diplomatica e consolare si concentra sulla promozione [&hellip;]","protected":false},"author":11,"featured_media":3013,"comment_status":"closed","ping_status":"closed","sticky":false,"template":"","format":"standard","meta":{"footnotes":""},"tags":[],"class_list":["post-3011","post","type-post","status-publish","format-standard","has-post-thumbnail","hentry"],"_links":{"self":[{"href":"https:\/\/consdortmund.esteri.it\/it\/wp-json\/wp\/v2\/posts\/3011","targetHints":{"allow":["GET"]}}],"collection":[{"href":"https:\/\/consdortmund.esteri.it\/it\/wp-json\/wp\/v2\/posts"}],"about":[{"href":"https:\/\/consdortmund.esteri.it\/it\/wp-json\/wp\/v2\/types\/post"}],"author":[{"embeddable":true,"href":"https:\/\/consdortmund.esteri.it\/it\/wp-json\/wp\/v2\/users\/11"}],"replies":[{"embeddable":true,"href":"https:\/\/consdortmund.esteri.it\/it\/wp-json\/wp\/v2\/comments?post=3011"}],"version-history":[{"count":1,"href":"https:\/\/consdortmund.esteri.it\/it\/wp-json\/wp\/v2\/posts\/3011\/revisions"}],"predecessor-version":[{"id":3014,"href":"https:\/\/consdortmund.esteri.it\/it\/wp-json\/wp\/v2\/posts\/3011\/revisions\/3014"}],"wp:featuredmedia":[{"embeddable":true,"href":"https:\/\/consdortmund.esteri.it\/it\/wp-json\/wp\/v2\/media\/3013"}],"wp:attachment":[{"href":"https:\/\/consdortmund.esteri.it\/it\/wp-json\/wp\/v2\/media?parent=3011"}],"wp:term":[{"taxonomy":"post_tag","embeddable":true,"href":"https:\/\/consdortmund.esteri.it\/it\/wp-json\/wp\/v2\/tags?post=3011"}],"curies":[{"name":"wp","href":"https:\/\/api.w.org\/{rel}","templated":true}]}}