{"id":3036,"date":"2025-12-10T11:51:32","date_gmt":"2025-12-10T10:51:32","guid":{"rendered":"https:\/\/consdortmund.esteri.it\/?p=3036"},"modified":"2025-12-10T11:53:01","modified_gmt":"2025-12-10T10:53:01","slug":"die-konsulin-besucht-die-universitaet-paderborn","status":"publish","type":"post","link":"https:\/\/consdortmund.esteri.it\/de\/news\/dal_consolato\/2025\/12\/die-konsulin-besucht-die-universitaet-paderborn\/","title":{"rendered":"Die Konsulin besucht die Universit\u00e4t Paderborn"},"content":{"rendered":"<p>Die Konsulin Cox besuchte die Universit\u00e4t Paderborn und wurde von Prof. Dr. Matthias Bauer, dem Pr\u00e4sidenten der Universit\u00e4t Paderborn, begr\u00fc\u00dft.<\/p>\n<p>Im Mittelpunkt des Termins standen die Kooperationen der Universit\u00e4t Paderborn mit Italien, insbesondere im Rahmen der Erasmus-Programme und der Europ\u00e4ischen Hochschulallianz COLOURS.<\/p>\n<p>Zus\u00e4tzlich wurde die Zusammenarbeit mit dem Kunsthistorischen Institut in Florenz beleuchtet. Seit dem Wintersemester 2024\/25 bieten die Fakult\u00e4t f\u00fcr Wirtschaftswissenschaften der Universit\u00e4t Paderborn und die University of Ferrara in Italien zwei Doppelmasterprogramme an.<\/p>\n<p>Im Rahmen dessen hielten Vertreter:innen des International Office sowie Wissenschaftler:innen der Fakult\u00e4t f\u00fcr Kulturwissenschaften und der Fakult\u00e4t f\u00fcr Wirtschaftswissenschaften Pr\u00e4sentationen.<\/p>\n<p>Prof. Dr. J\u00f6rn Steigerwald aus der Komparatistik koordinierte den Besuch und f\u00fchrte durch das Programm.<\/p>\n","protected":false},"excerpt":{"rendered":"Die Konsulin Cox besuchte die Universit\u00e4t Paderborn und wurde von Prof. Dr. Matthias Bauer, dem Pr\u00e4sidenten der Universit\u00e4t Paderborn, begr\u00fc\u00dft. Im Mittelpunkt des Termins standen die Kooperationen der Universit\u00e4t Paderborn mit Italien, insbesondere im Rahmen der Erasmus-Programme und der Europ\u00e4ischen Hochschulallianz COLOURS. Zus\u00e4tzlich wurde die Zusammenarbeit mit dem Kunsthistorischen Institut in Florenz beleuchtet. Seit dem [&hellip;]","protected":false},"author":11,"featured_media":3032,"comment_status":"closed","ping_status":"closed","sticky":false,"template":"","format":"standard","meta":{"footnotes":""},"tags":[],"class_list":["post-3036","post","type-post","status-publish","format-standard","has-post-thumbnail","hentry"],"_links":{"self":[{"href":"https:\/\/consdortmund.esteri.it\/de\/wp-json\/wp\/v2\/posts\/3036","targetHints":{"allow":["GET"]}}],"collection":[{"href":"https:\/\/consdortmund.esteri.it\/de\/wp-json\/wp\/v2\/posts"}],"about":[{"href":"https:\/\/consdortmund.esteri.it\/de\/wp-json\/wp\/v2\/types\/post"}],"author":[{"embeddable":true,"href":"https:\/\/consdortmund.esteri.it\/de\/wp-json\/wp\/v2\/users\/11"}],"replies":[{"embeddable":true,"href":"https:\/\/consdortmund.esteri.it\/de\/wp-json\/wp\/v2\/comments?post=3036"}],"version-history":[{"count":1,"href":"https:\/\/consdortmund.esteri.it\/de\/wp-json\/wp\/v2\/posts\/3036\/revisions"}],"predecessor-version":[{"id":3038,"href":"https:\/\/consdortmund.esteri.it\/de\/wp-json\/wp\/v2\/posts\/3036\/revisions\/3038"}],"wp:featuredmedia":[{"embeddable":true,"href":"https:\/\/consdortmund.esteri.it\/de\/wp-json\/wp\/v2\/media\/3032"}],"wp:attachment":[{"href":"https:\/\/consdortmund.esteri.it\/de\/wp-json\/wp\/v2\/media?parent=3036"}],"wp:term":[{"taxonomy":"post_tag","embeddable":true,"href":"https:\/\/consdortmund.esteri.it\/de\/wp-json\/wp\/v2\/tags?post=3036"}],"curies":[{"name":"wp","href":"https:\/\/api.w.org\/{rel}","templated":true}]}}